{"id":1749,"date":"2026-09-02T11:06:54","date_gmt":"2026-09-02T14:06:54","guid":{"rendered":"https:\/\/criare.com\/blog\/?p=1749"},"modified":"2026-09-02T11:06:59","modified_gmt":"2026-09-02T14:06:59","slug":"cozinha-com-pouca-luz-natural","status":"publish","type":"post","link":"https:\/\/criare.com\/blog\/cozinha-com-pouca-luz-natural\/","title":{"rendered":"Cozinha com pouca luz natural: como planejar um ambiente mais claro e funcional\u00a0"},"content":{"rendered":"\n<p class=\"wp-block-paragraph\">Poucos projetos revelam tanto sobre a maturidade t\u00e9cnica de uma equipe quanto uma cozinha com pouca luz natural. \u00c9 simples desenhar um ambiente esteticamente agrad\u00e1vel quando a planta oferece uma janela generosa e sol da tarde garantido. O verdadeiro exerc\u00edcio de projeto come\u00e7a quando essas condi\u00e7\u00f5es n\u00e3o existem \u2014 e a solu\u00e7\u00e3o n\u00e3o pode ser um discurso raso sobre &#8220;cores claras&#8221;.&nbsp;<\/p>\n\n\n\n<p class=\"wp-block-paragraph\">Cozinhas internas, profundas ou com aberturas limitadas s\u00e3o uma realidade recorrente em arquitetura urbana, e trat\u00e1-las como uma limita\u00e7\u00e3o a disfar\u00e7ar \u00e9 renunciar a um dos aspectos mais interessantes do of\u00edcio: transformar uma condicionante real em crit\u00e9rio de projeto. Uma cozinha escura pode \u2014 e deve \u2014 ser luminosa, precisa e absolutamente autoral, desde que layout, marcenaria, volumetria, materialidade, reflex\u00e3o da luz e ilumina\u00e7\u00e3o artificial sejam tratados como um sistema \u00fanico, decidido em conjunto, e n\u00e3o como camadas sobrepostas depois que o projeto j\u00e1 foi definido.&nbsp;<\/p>\n\n\n\n<p class=\"wp-block-paragraph\">Neste artigo, reunimos os crit\u00e9rios t\u00e9cnicos que sustentam esse tipo de decis\u00e3o. A proposta n\u00e3o \u00e9 oferecer uma f\u00f3rmula gen\u00e9rica de ilumina\u00e7\u00e3o, mas apresentar o racioc\u00ednio que orienta arquitetos, designers de interiores e especificadores a resolver cozinhas com pouca luz natural com rigor t\u00e9cnico e identidade \u2014 os dois pilares que definem um projeto Criare.&nbsp;<\/p>\n\n\n\n<h2 class=\"wp-block-heading\"><strong>Por que algumas cozinhas recebem ou aproveitam pouca luz natural?<\/strong>&nbsp;<\/h2>\n\n\n\n<figure class=\"wp-block-image size-full\"><img loading=\"lazy\" decoding=\"async\" width=\"1000\" height=\"600\" src=\"https:\/\/criare.com\/blog\/wp-content\/uploads\/2026\/09\/cozinha_luz_natural.webp\" alt=\"cozinha luz natural\" class=\"wp-image-1750\" srcset=\"https:\/\/criare.com\/blog\/wp-content\/uploads\/2026\/09\/cozinha_luz_natural.webp 1000w, https:\/\/criare.com\/blog\/wp-content\/uploads\/2026\/09\/cozinha_luz_natural-500x300.webp 500w, https:\/\/criare.com\/blog\/wp-content\/uploads\/2026\/09\/cozinha_luz_natural-300x180.webp 300w, https:\/\/criare.com\/blog\/wp-content\/uploads\/2026\/09\/cozinha_luz_natural-768x461.webp 768w, https:\/\/criare.com\/blog\/wp-content\/uploads\/2026\/09\/cozinha_luz_natural-125x75.webp 125w, https:\/\/criare.com\/blog\/wp-content\/uploads\/2026\/09\/cozinha_luz_natural-480x288.webp 480w\" sizes=\"auto, (max-width:767px) 480px, (max-width:1000px) 100vw, 1000px\" \/><figcaption class=\"wp-element-caption\">Estabelecer o diagn\u00f3stico t\u00e9cnico antes de qualquer solu\u00e7\u00e3o est\u00e9tica.\u00a0<br><strong>Cr\u00e9ditos:<\/strong> Dieisson Polis\u00a0<\/figcaption><\/figure>\n\n\n\n<p class=\"wp-block-paragraph\">Todo projeto s\u00e9rio come\u00e7a pelo diagn\u00f3stico, n\u00e3o pela solu\u00e7\u00e3o. Antes de qualquer decis\u00e3o de marcenaria ou ilumina\u00e7\u00e3o, \u00e9 preciso entender com precis\u00e3o por que aquela cozinha espec\u00edfica sofre com pouca luz natural. O tamanho e o posicionamento das aberturas s\u00e3o a primeira vari\u00e1vel: uma janela estreita, elevada ou voltada para um po\u00e7o de luz nunca vai igualar o desempenho de uma abertura ampla e bem orientada \u2014 independentemente de qu\u00e3o clara seja a parede ao lado.&nbsp;<\/p>\n\n\n\n<p class=\"wp-block-paragraph\">A profundidade do ambiente agrava esse cen\u00e1rio. Cozinhas compridas e estreitas concentram a luz na faixa pr\u00f3xima \u00e0 janela e deixam o restante do espa\u00e7o em penumbra, mesmo em pleno dia. A orienta\u00e7\u00e3o solar da planta completa o diagn\u00f3stico: ambientes voltados para o sul ou para fundos de edifica\u00e7\u00e3o recebem uma luz mais fria e difusa, quase sempre insuficiente para sustentar as tarefas do cotidiano sem apoio artificial.&nbsp;<\/p>\n\n\n\n<p class=\"wp-block-paragraph\">H\u00e1 ainda uma vari\u00e1vel frequentemente ignorada: a pr\u00f3pria arquitetura ou o mobili\u00e1rio podem operar como barreira. Uma torre posicionada \u00e0 frente de uma abertura, uma coifa volumosa ou uma meia-parede mal calculada reduzem ainda mais uma luminosidade j\u00e1 escassa. \u00c9 essencial distinguir dois problemas que parecem id\u00eanticos, mas exigem respostas diferentes: receber pouca luz natural \u00e9 uma condi\u00e7\u00e3o da planta; distribuir mal a luz dispon\u00edvel \u00e9 uma falha de projeto. O segundo caso se resolve com ajuste t\u00e9cnico. O primeiro exige uma estrat\u00e9gia mais ampla de layout, materialidade e ilumina\u00e7\u00e3o artificial \u2014 o objeto deste artigo.&nbsp;<\/p>\n\n\n\n<h2 class=\"wp-block-heading\"><strong>O layout pode favorecer a entrada e a circula\u00e7\u00e3o da luz<\/strong>&nbsp;<\/h2>\n\n\n\n<figure class=\"wp-block-image size-full\"><img loading=\"lazy\" decoding=\"async\" width=\"1000\" height=\"600\" src=\"https:\/\/criare.com\/blog\/wp-content\/uploads\/2026\/09\/layout_luz_natural.webp\" alt=\"cozinha com layout que valoriza a luz natural\" class=\"wp-image-1751\" srcset=\"https:\/\/criare.com\/blog\/wp-content\/uploads\/2026\/09\/layout_luz_natural.webp 1000w, https:\/\/criare.com\/blog\/wp-content\/uploads\/2026\/09\/layout_luz_natural-500x300.webp 500w, https:\/\/criare.com\/blog\/wp-content\/uploads\/2026\/09\/layout_luz_natural-300x180.webp 300w, https:\/\/criare.com\/blog\/wp-content\/uploads\/2026\/09\/layout_luz_natural-768x461.webp 768w, https:\/\/criare.com\/blog\/wp-content\/uploads\/2026\/09\/layout_luz_natural-125x75.webp 125w, https:\/\/criare.com\/blog\/wp-content\/uploads\/2026\/09\/layout_luz_natural-480x288.webp 480w\" sizes=\"auto, (max-width:767px) 480px, (max-width:1000px) 100vw, 1000px\" \/><figcaption class=\"wp-element-caption\">Posicionar o layout como a primeira e mais estrat\u00e9gica decis\u00e3o de projeto.\u00a0<strong>Cr\u00e9ditos:<\/strong> Aline Nerbass \u2013 Aparamento Raro\u00a0<\/figcaption><\/figure>\n\n\n\n<p class=\"wp-block-paragraph\">Antes de qualquer discuss\u00e3o sobre tom de cor ou tipo de acabamento, o layout j\u00e1 determina grande parte da performance luminosa do ambiente. Volumes altos \u2014 torres, colunas t\u00e9cnicas, m\u00f3dulos que v\u00e3o do piso ao teto \u2014 precisam ser posicionados com rigor em rela\u00e7\u00e3o a janelas e portas. Um erro recorrente, mesmo em projetos bem resolvidos esteticamente, \u00e9 posicionar uma torre exatamente ao lado da \u00fanica abertura dispon\u00edvel, comprometendo de forma irrevers\u00edvel a entrada de luz.&nbsp;<\/p>\n\n\n\n<p class=\"wp-block-paragraph\">Evitar obstru\u00e7\u00f5es junto a aberturas \u00e9 uma diretriz simples de enunciar, mas que exige decis\u00e3o desde as primeiras plantas, e isso inclui n\u00e3o apenas o mobili\u00e1rio, mas cortinas pesadas, persianas de abertura limitada ou pe\u00e7as de decora\u00e7\u00e3o sobre o peitoril.&nbsp;<\/p>\n\n\n\n<p class=\"wp-block-paragraph\">A rela\u00e7\u00e3o entre ilha, bancada e circula\u00e7\u00e3o tamb\u00e9m \u00e9 muito importante. Uma ilha posicionada muito pr\u00f3xima da janela interrompe o fluxo de luz para o restante do ambiente; um layout que preserva um eixo livre entre a abertura e as \u00e1reas mais internas permite que a luz \u2014 natural ou artificial \u2014 se propague de forma mais homog\u00eanea pelo espa\u00e7o.&nbsp;<\/p>\n\n\n\n<p class=\"wp-block-paragraph\">Quando a arquitetura permite, a integra\u00e7\u00e3o com ambientes cont\u00ednuos \u00e9 uma das estrat\u00e9gias mais eficazes para cozinhas com pouca luz natural. Reduzir ou eliminar uma divis\u00f3ria entre a cozinha e um ambiente com mais abertura solar transfere luminosidade de um espa\u00e7o para o outro \u2014 uma solu\u00e7\u00e3o de arquitetura que costuma superar qualquer ajuste isolado feito apenas na marcenaria.&nbsp;<br>&nbsp;<\/p>\n\n\n\n<h2 class=\"wp-block-heading\"><strong>Cores claras ajudam, mas n\u00e3o resolvem o projeto sozinhas<\/strong>&nbsp;<\/h2>\n\n\n\n<figure class=\"wp-block-image size-full\"><img loading=\"lazy\" decoding=\"async\" width=\"1000\" height=\"600\" src=\"https:\/\/criare.com\/blog\/wp-content\/uploads\/2026\/09\/cores_clara.webp\" alt=\"cozinha em cores claras\" class=\"wp-image-1753\" srcset=\"https:\/\/criare.com\/blog\/wp-content\/uploads\/2026\/09\/cores_clara.webp 1000w, https:\/\/criare.com\/blog\/wp-content\/uploads\/2026\/09\/cores_clara-300x180.webp 300w, https:\/\/criare.com\/blog\/wp-content\/uploads\/2026\/09\/cores_clara-500x300.webp 500w, https:\/\/criare.com\/blog\/wp-content\/uploads\/2026\/09\/cores_clara-767x460.webp 767w, https:\/\/criare.com\/blog\/wp-content\/uploads\/2026\/09\/cores_clara-125x75.webp 125w, https:\/\/criare.com\/blog\/wp-content\/uploads\/2026\/09\/cores_clara-480x288.webp 480w\" sizes=\"auto, (max-width:767px) 480px, (max-width:1000px) 100vw, 1000px\" \/><figcaption class=\"wp-element-caption\">Confrontar a ideia mais comum sobre cores claras com um racioc\u00ednio t\u00e9cnico mais rigoroso. \u00a0<strong>Cr\u00e9ditos:<\/strong> Marco Medeiro<\/figcaption><\/figure>\n\n\n\n<p class=\"wp-block-paragraph\">A recomenda\u00e7\u00e3o de que <a href=\"https:\/\/criare.com\/blog\/cores-que-inspiram-como-definir-uma-paleta-para-sua-casa\/\" target=\"_blank\" rel=\"noopener\">cores para cozinha escura<\/a> devem ser claras \u00e9 quase uma unanimidade e, como toda unanimidade, carrega uma verdade parcial que se torna problem\u00e1tica quando tratada como resposta completa. Superf\u00edcies claras de fato refletem mais luz e ampliam a percep\u00e7\u00e3o espacial. O equ\u00edvoco est\u00e1 em supor que essa escolha, isolada, resolve uma cozinha pouco iluminada.&nbsp;<\/p>\n\n\n\n<p class=\"wp-block-paragraph\">Cor \u00e9 uma entre v\u00e1rias vari\u00e1veis de um sistema. Uma cozinha inteiramente clara, sem contraste, sem textura e sem um projeto de ilumina\u00e7\u00e3o artificial bem calculado, pode performar bem em fotografia e continuar tecnicamente escura no uso real \u2014 especialmente \u00e0 noite ou em dias nublados, quando a luz natural deixa de compensar as falhas do projeto.&nbsp;<\/p>\n\n\n\n<p class=\"wp-block-paragraph\">Tons m\u00e9dios e escuros, portanto, n\u00e3o precisam e nem devem ser eliminados, mas exigem apenas estrat\u00e9gia. Um rodap\u00e9, uma marcenaria inferior ou um painel em tom mais fechado, combinados a superf\u00edcies claras nos pontos certos, produzem contraste sem sobrecarregar visualmente o ambiente. \u00c9 esse contraste, ali\u00e1s, que confere profundidade e autoria a uma cozinha clara, evitando o resultado gen\u00e9rico de tantos projetos que tratam luminosidade e personalidade como objetivos incompat\u00edveis.&nbsp;<\/p>\n\n\n\n<p class=\"wp-block-paragraph\">A cor precisa ser lida sempre em conjunto com material, textura e incid\u00eancia de luz \u2014 nunca isoladamente. Uma superf\u00edcie clara e fosca se comporta de maneira substancialmente diferente de uma superf\u00edcie clara e brilhante sob o mesmo ponto de luz. Esse comportamento \u00e9 o objeto do pr\u00f3ximo t\u00f3pico.&nbsp;<br>&nbsp;<\/p>\n\n\n\n<h2 class=\"wp-block-heading\"><strong>Acabamentos: reflex\u00e3o, textura e comportamento da luz<\/strong>&nbsp;<\/h2>\n\n\n\n<figure class=\"wp-block-image size-full\"><img loading=\"lazy\" decoding=\"async\" width=\"1000\" height=\"600\" src=\"https:\/\/criare.com\/blog\/wp-content\/uploads\/2026\/09\/acabamentos.webp\" alt=\"acabamentos em v\u00e1rias cores\" class=\"wp-image-1754\" srcset=\"https:\/\/criare.com\/blog\/wp-content\/uploads\/2026\/09\/acabamentos.webp 1000w, https:\/\/criare.com\/blog\/wp-content\/uploads\/2026\/09\/acabamentos-300x180.webp 300w, https:\/\/criare.com\/blog\/wp-content\/uploads\/2026\/09\/acabamentos-500x300.webp 500w, https:\/\/criare.com\/blog\/wp-content\/uploads\/2026\/09\/acabamentos-767x460.webp 767w, https:\/\/criare.com\/blog\/wp-content\/uploads\/2026\/09\/acabamentos-125x75.webp 125w, https:\/\/criare.com\/blog\/wp-content\/uploads\/2026\/09\/acabamentos-480x288.webp 480w\" sizes=\"auto, (max-width:767px) 480px, (max-width:1000px) 100vw, 1000px\" \/><figcaption class=\"wp-element-caption\">Aprofundar o repert\u00f3rio t\u00e9cnico sobre reflex\u00e3o e textura, refor\u00e7ando o vocabul\u00e1rio de projeto.\u00a0<\/figcaption><\/figure>\n\n\n\n<p class=\"wp-block-paragraph\">Se a cor determina o quanto uma superf\u00edcie absorve ou reflete luz, o acabamento determina como essa reflex\u00e3o se comporta, uma distin\u00e7\u00e3o decisiva em qualquer cozinha com pouca luz natural. Superf\u00edcies foscas dispersam a luz de forma suave e uniforme, sem gerar pontos de brilho concentrado, o que \u00e9 um comportamento particularmente interessante em \u00e1reas extensas, como pain\u00e9is e portas, por evitar reflexos indesejados.&nbsp;<\/p>\n\n\n\n<p class=\"wp-block-paragraph\">Acabamentos acetinados equilibram reflex\u00e3o e suavidade, sendo uma escolha vers\u00e1til para bancadas e revestimentos que precisam contribuir com a luminosidade sem exagerar no brilho. J\u00e1 os acabamentos brilhantes refletem a luz de forma intensa e pontual \u2014 um recurso poderoso quando aplicado com crit\u00e9rio em \u00e1reas estrat\u00e9gicas, mas problem\u00e1tico quando generalizado, gerando ofuscamento e fadiga visual sob luz artificial direta.&nbsp;<\/p>\n\n\n\n<p class=\"wp-block-paragraph\">A forma como <a href=\"https:\/\/criare.com\/blog\/como-combinar-madeira-vidro-pedra-metal-decoracao\/\" target=\"_blank\" rel=\"noopener\">marcenaria, pedra, vidro e metal<\/a> dialogam com a ilumina\u00e7\u00e3o dispon\u00edvel tamb\u00e9m exige leitura espec\u00edfica. Uma bancada em pedra de veios claros e leve brilho ajuda a distribuir luz pela \u00e1rea de trabalho; elementos em vidro, bem posicionados, funcionam como superf\u00edcies multiplicadoras de claridade sem adicionar volume visual ao ambiente.&nbsp;<\/p>\n\n\n\n<p class=\"wp-block-paragraph\">O equil\u00edbrio est\u00e1 em combinar diferentes texturas e n\u00edveis de reflex\u00e3o ao longo do projeto, evitando dois extremos igualmente problem\u00e1ticos: um ambiente inteiramente fosco, que tende a parecer apagado, e um ambiente inteiramente brilhante, que compromete o conforto visual. Esse equil\u00edbrio entre luminosidade e sofistica\u00e7\u00e3o \u00e9 o que diferencia um projeto de marcenaria tecnicamente resolvido de uma escolha de acabamentos guiada apenas por refer\u00eancia est\u00e9tica.&nbsp;<br>&nbsp;<\/p>\n\n\n\n<h2 class=\"wp-block-heading\"><strong>Bancadas e revestimentos tamb\u00e9m influenciam na luminosidade<\/strong>&nbsp;<\/h2>\n\n\n\n<figure class=\"wp-block-image size-full\"><img loading=\"lazy\" decoding=\"async\" width=\"1000\" height=\"600\" src=\"https:\/\/criare.com\/blog\/wp-content\/uploads\/2026\/09\/bancadas_revestimentos.webp\" alt=\"\" class=\"wp-image-1755\" srcset=\"https:\/\/criare.com\/blog\/wp-content\/uploads\/2026\/09\/bancadas_revestimentos.webp 1000w, https:\/\/criare.com\/blog\/wp-content\/uploads\/2026\/09\/bancadas_revestimentos-500x300.webp 500w, https:\/\/criare.com\/blog\/wp-content\/uploads\/2026\/09\/bancadas_revestimentos-767x460.webp 767w, https:\/\/criare.com\/blog\/wp-content\/uploads\/2026\/09\/bancadas_revestimentos-300x180.webp 300w, https:\/\/criare.com\/blog\/wp-content\/uploads\/2026\/09\/bancadas_revestimentos-125x75.webp 125w, https:\/\/criare.com\/blog\/wp-content\/uploads\/2026\/09\/bancadas_revestimentos-480x288.webp 480w\" sizes=\"auto, (max-width:767px) 480px, (max-width:1000px) 100vw, 1000px\" \/><figcaption class=\"wp-element-caption\">Aplicar \u00e0s bancadas e revestimentos o mesmo racioc\u00ednio t\u00e9cnico usado nos acabamentos.\u00a0<strong>Cr\u00e9ditos:<\/strong> Marco Medeiro \u2013 Morada 302\u00a0<\/figcaption><\/figure>\n\n\n\n<p class=\"wp-block-paragraph\">Bancadas e revestimentos recebem menos aten\u00e7\u00e3o do que a marcenaria nas discuss\u00f5es sobre ilumina\u00e7\u00e3o, mas seu papel t\u00e9cnico \u00e9 equivalente. Superf\u00edcies horizontais, como bancadas e ilhas, recebem luz diretamente de cima e a redistribuem para o restante do ambiente; cor e <a href=\"https:\/\/criare.com\/blog\/como-escolher-o-material-perfeito-para-a-bancada-da-cozinha\/\" target=\"_blank\" rel=\"noopener\">acabamento de bancada<\/a>, portanto, interferem na percep\u00e7\u00e3o de claridade de toda a cozinha, n\u00e3o apenas na pr\u00f3pria \u00e1rea de trabalho.&nbsp;<\/p>\n\n\n\n<p class=\"wp-block-paragraph\">As superf\u00edcies verticais, como revestimentos atr\u00e1s do fog\u00e3o ou da pia, operam de forma an\u00e1loga, mas em rela\u00e7\u00e3o \u00e0 luz incidente lateralmente, seja de janelas, seja de lumin\u00e1rias. A continuidade, ou o contraste deliberado, entre mobili\u00e1rio, bancada e parede \u00e9 uma decis\u00e3o que impacta tanto a est\u00e9tica quanto a performance luminosa do espa\u00e7o. Bancada e revestimento em tonalidade cont\u00ednua ampliam visualmente o ambiente; um contraste bem dosado entre esses elementos, por sua vez, define zonas de uso sem comprometer a claridade geral.&nbsp;<\/p>\n\n\n\n<p class=\"wp-block-paragraph\">Materiais n\u00e3o devem ser especificados apenas por refer\u00eancia est\u00e9tica pronta. Cada material tem um comportamento pr\u00f3prio diante da luz dispon\u00edvel naquele projeto espec\u00edfico \u2014 e \u00e9 esse comportamento, n\u00e3o a tend\u00eancia do momento, que deve orientar a escolha de bancadas e revestimentos em uma cozinha com pouca luz natural.&nbsp;<br>&nbsp;<\/p>\n\n\n\n<h2 class=\"wp-block-heading\"><strong>Ilumina\u00e7\u00e3o geral, funcional e decorativa: quais as diferen\u00e7as<\/strong>&nbsp;<\/h2>\n\n\n\n<figure class=\"wp-block-image size-full\"><img loading=\"lazy\" decoding=\"async\" width=\"1000\" height=\"600\" src=\"https:\/\/criare.com\/blog\/wp-content\/uploads\/2026\/09\/iluminacao_geral_funcional_decorativa.webp\" alt=\"\" class=\"wp-image-1756\" srcset=\"https:\/\/criare.com\/blog\/wp-content\/uploads\/2026\/09\/iluminacao_geral_funcional_decorativa.webp 1000w, https:\/\/criare.com\/blog\/wp-content\/uploads\/2026\/09\/iluminacao_geral_funcional_decorativa-767x460.webp 767w, https:\/\/criare.com\/blog\/wp-content\/uploads\/2026\/09\/iluminacao_geral_funcional_decorativa-300x180.webp 300w, https:\/\/criare.com\/blog\/wp-content\/uploads\/2026\/09\/iluminacao_geral_funcional_decorativa-500x300.webp 500w, https:\/\/criare.com\/blog\/wp-content\/uploads\/2026\/09\/iluminacao_geral_funcional_decorativa-125x75.webp 125w, https:\/\/criare.com\/blog\/wp-content\/uploads\/2026\/09\/iluminacao_geral_funcional_decorativa-480x288.webp 480w\" sizes=\"auto, (max-width:767px) 480px, (max-width:1000px) 100vw, 1000px\" \/><figcaption class=\"wp-element-caption\"> Estruturar o racioc\u00ednio das tr\u00eas camadas de luz como base do projeto luminot\u00e9cnico \u00e9 essencial.\u00a0<strong>Cr\u00e9ditos:<\/strong> Rog\u00e9rio Vaz\u00a0<\/figcaption><\/figure>\n\n\n\n<p class=\"wp-block-paragraph\">Um dos <a href=\"https:\/\/criare.com\/blog\/os-8-maiores-erros-de-iluminacao\/\" target=\"_blank\" rel=\"noopener\">erros mais recorrentes<\/a> em projetos de ilumina\u00e7\u00e3o para cozinha \u00e9 depender de uma fonte central \u00fanica para resolver todas as demandas do ambiente. Um projeto luminot\u00e9cnico consistente trabalha com pelo menos tr\u00eas camadas de luz, cada uma cumprindo uma fun\u00e7\u00e3o distinta e complementar.&nbsp;<\/p>\n\n\n\n<p class=\"wp-block-paragraph\">A luz geral distribui claridade de forma homog\u00eanea por todo o ambiente, eliminando zonas de sombra na circula\u00e7\u00e3o. A luz funcional \u00e9 direcionada \u00e0s \u00e1reas de preparo, \u00e0 pia e \u00e0 coc\u00e7\u00e3o \u2014 pontos em que a qualidade da ilumina\u00e7\u00e3o impacta diretamente seguran\u00e7a e precis\u00e3o de uso. A <a href=\"https:\/\/criare.com\/blog\/iluminacao-decorativa-em-ambientes-planejados-onde-utilizar\/\" target=\"_blank\" rel=\"noopener\">ilumina\u00e7\u00e3o decorativa<\/a>, por fim, cumpre um papel mais sutil, mas estruturalmente relevante: conferir profundidade, evidenciar texturas e dar atmosfera ao ambiente, evitando o efeito plano e cl\u00ednico de projetos resolvidos com uma \u00fanica fonte.&nbsp;<\/p>\n\n\n\n<p class=\"wp-block-paragraph\">Por que uma fonte central isolada \u00e9 insuficiente? Porque projeta sombras exatamente sobre as \u00e1reas de trabalho, geralmente geradas pelo pr\u00f3prio corpo de quem cozinha, e n\u00e3o consegue equilibrar as diferentes demandas visuais do ambiente ao longo do dia. Um projeto de ilumina\u00e7\u00e3o de cozinha planejada tecnicamente maduro combina essas tr\u00eas camadas de forma coordenada, com pontos el\u00e9tricos definidos ainda na fase de projeto arquitet\u00f4nico \u2014 nunca como ajuste posterior \u00e0 instala\u00e7\u00e3o da marcenaria.&nbsp;<br>&nbsp;<\/p>\n\n\n\n<h2 class=\"wp-block-heading\"><strong>Ilumina\u00e7\u00e3o integrada \u00e0 marcenaria<\/strong>&nbsp;<\/h2>\n\n\n\n<figure class=\"wp-block-image size-full\"><img loading=\"lazy\" decoding=\"async\" width=\"1000\" height=\"600\" src=\"https:\/\/criare.com\/blog\/wp-content\/uploads\/2026\/09\/iluminacao_integrada_marcenaria.webp\" alt=\"\" class=\"wp-image-1757\" srcset=\"https:\/\/criare.com\/blog\/wp-content\/uploads\/2026\/09\/iluminacao_integrada_marcenaria.webp 1000w, https:\/\/criare.com\/blog\/wp-content\/uploads\/2026\/09\/iluminacao_integrada_marcenaria-500x300.webp 500w, https:\/\/criare.com\/blog\/wp-content\/uploads\/2026\/09\/iluminacao_integrada_marcenaria-767x460.webp 767w, https:\/\/criare.com\/blog\/wp-content\/uploads\/2026\/09\/iluminacao_integrada_marcenaria-300x180.webp 300w, https:\/\/criare.com\/blog\/wp-content\/uploads\/2026\/09\/iluminacao_integrada_marcenaria-125x75.webp 125w, https:\/\/criare.com\/blog\/wp-content\/uploads\/2026\/09\/iluminacao_integrada_marcenaria-480x288.webp 480w\" sizes=\"auto, (max-width:767px) 480px, (max-width:1000px) 100vw, 1000px\" \/><figcaption class=\"wp-element-caption\">Posicionar a marcenaria como componente t\u00e9cnico do sistema de ilumina\u00e7\u00e3o, n\u00e3o apenas mobili\u00e1rio.\u00a0 <strong>Cr\u00e9ditos:<\/strong> Amanda Mariani \u2013 Cozinha Invicta\u00a0<\/figcaption><\/figure>\n\n\n\n<p class=\"wp-block-paragraph\">Em uma cozinha com pouca luz natural, a marcenaria planejada participa diretamente da estrat\u00e9gia de ilumina\u00e7\u00e3o do ambiente. Al\u00e9m de organizar volumes e preservar a circula\u00e7\u00e3o da luz, ela permite integrar recursos como a <a href=\"https:\/\/criare.com\/blog\/destaque-seus-ambientes-com-iluminacao-embutida-no-movel\/\" target=\"_blank\" rel=\"noopener\">ilumina\u00e7\u00e3o embaixo dos arm\u00e1rios<\/a> de forma precisa ao projeto. Instalada sob os m\u00f3dulos superiores, a fita de LED na cozinha ilumina diretamente a bancada e a \u00e1rea de trabalho, eliminando sombras que a ilumina\u00e7\u00e3o geral, isoladamente, n\u00e3o resolve.&nbsp;<\/p>\n\n\n\n<p class=\"wp-block-paragraph\">Essa solu\u00e7\u00e3o ultrapassa a fun\u00e7\u00e3o pr\u00e1tica: nichos, prateleiras e m\u00f3dulos com ilumina\u00e7\u00e3o interna criam pontos de luz distribu\u00eddos pelo ambiente, contribuindo para a sensa\u00e7\u00e3o de amplitude mesmo em cozinhas compactas. Quando a ilumina\u00e7\u00e3o interna de arm\u00e1rios e vitrines se justifica no projeto, ela tamb\u00e9m valoriza a marcenaria, evidenciando texturas e materiais que, sem luz direta, passariam despercebidos.&nbsp;<\/p>\n\n\n\n<p class=\"wp-block-paragraph\">Para que essas solu\u00e7\u00f5es funcionem de forma integrada \u2014 e n\u00e3o como um recurso improvisado de fios e transformadores aparentes \u2014 os pontos el\u00e9tricos precisam ser definidos antes da instala\u00e7\u00e3o da marcenaria, junto ao projeto arquitet\u00f4nico, determinando com precis\u00e3o onde cada fita de LED, spot ou lumin\u00e1ria embutida ser\u00e1 instalada. \u00c9 esse planejamento antecipado que permite integrar a luz ao desenho do mobili\u00e1rio com discri\u00e7\u00e3o e coer\u00eancia,&nbsp; um dos diferenciais que separam um projeto de marcenaria autoral de uma simples instala\u00e7\u00e3o de acabamentos.&nbsp;<br>&nbsp;<\/p>\n\n\n\n<h2 class=\"wp-block-heading\"><strong>Temperatura e qualidade da luz na cozinha<\/strong>\u00a0<\/h2>\n\n\n\n<figure class=\"wp-block-image size-full\"><img loading=\"lazy\" decoding=\"async\" width=\"1000\" height=\"600\" src=\"https:\/\/criare.com\/blog\/wp-content\/uploads\/2026\/09\/temperatura_qualidade_luz.webp\" alt=\"\" class=\"wp-image-1758\" srcset=\"https:\/\/criare.com\/blog\/wp-content\/uploads\/2026\/09\/temperatura_qualidade_luz.webp 1000w, https:\/\/criare.com\/blog\/wp-content\/uploads\/2026\/09\/temperatura_qualidade_luz-125x75.webp 125w, https:\/\/criare.com\/blog\/wp-content\/uploads\/2026\/09\/temperatura_qualidade_luz-500x300.webp 500w, https:\/\/criare.com\/blog\/wp-content\/uploads\/2026\/09\/temperatura_qualidade_luz-300x180.webp 300w, https:\/\/criare.com\/blog\/wp-content\/uploads\/2026\/09\/temperatura_qualidade_luz-767x460.webp 767w, https:\/\/criare.com\/blog\/wp-content\/uploads\/2026\/09\/temperatura_qualidade_luz-480x288.webp 480w\" sizes=\"auto, (max-width:767px) 480px, (max-width:1000px) 100vw, 1000px\" \/><figcaption class=\"wp-element-caption\">Aprofundar um detalhe t\u00e9cnico raramente explorado com o rigor que o projeto exige.\u00a0<strong>Cr\u00e9ditos:<\/strong> DALL\u00b7E IA + Photoshop\u00a0<\/figcaption><\/figure>\n\n\n\n<p class=\"wp-block-paragraph\">Al\u00e9m da quantidade de luz, a temperatura de cor das fontes escolhidas \u00e9 determinante em uma cozinha com pouca entrada de luz natural. Temperaturas mais quentes produzem sensa\u00e7\u00e3o acolhedora, mas podem comprometer a precis\u00e3o visual necess\u00e1ria para tarefas como cortar alimentos ou avaliar o ponto de coc\u00e7\u00e3o. Temperaturas mais frias favorecem clareza e nitidez, mas, em excesso, conferem ao ambiente uma sensa\u00e7\u00e3o cl\u00ednica, pouco compat\u00edvel com um projeto residencial de assinatura.&nbsp;<\/p>\n\n\n\n<figure class=\"wp-block-table\"><table class=\"has-fixed-layout\"><tbody><tr><td>&nbsp;<br><strong>Tipo de ilumina\u00e7\u00e3o<\/strong>&nbsp;<br><strong><\/strong>&nbsp;<\/td><td>&nbsp;<br><strong>Temperatura de cor sugerida<\/strong>&nbsp;<br><strong><\/strong>&nbsp;<\/td><td>&nbsp;<br><strong>Quando usar<\/strong>&nbsp;<\/td><\/tr><tr><td>&nbsp;<br><strong>Ilumina\u00e7\u00e3o geral<\/strong>&nbsp;<\/td><td>&nbsp;<br>3000K a 4000K&nbsp;<\/td><td>&nbsp;<br>Para iluminar o ambiente como um todo, garantindo conforto visual e boa percep\u00e7\u00e3o dos materiais.&nbsp;<br>&nbsp;<\/td><\/tr><tr><td>&nbsp;<br><strong>Ilumina\u00e7\u00e3o decorativa<\/strong>&nbsp;<\/td><td>&nbsp;<br>2700K a 3000K&nbsp;<\/td><td>&nbsp;<br>Em pendentes, nichos e outros pontos que valorizam a atmosfera e os elementos do projeto.&nbsp;<br>&nbsp;<\/td><\/tr><tr><td>&nbsp;<br><strong>Ilumina\u00e7\u00e3o funcional<\/strong>&nbsp;<\/td><td>&nbsp;<br>4000K&nbsp;<\/td><td>&nbsp;<br>Sobre bancadas, \u00e1reas de preparo e outros pontos que exigem maior precis\u00e3o visual.&nbsp;<br>&nbsp;<\/td><\/tr><tr><td>&nbsp;<br><strong>Ilumina\u00e7\u00e3o de destaque<\/strong>&nbsp;<\/td><td>&nbsp;<br>2700K a 3000K&nbsp;<\/td><td>&nbsp;<br>Para destacar revestimentos, marcenaria, objetos e detalhes arquitet\u00f4nicos.&nbsp;<br>&nbsp;<\/td><\/tr><\/tbody><\/table><\/figure>\n\n\n\n<p class=\"wp-block-paragraph\">O equil\u00edbrio costuma variar conforme a fun\u00e7\u00e3o de cada \u00e1rea: uma temperatura neutra a levemente quente para a ilumina\u00e7\u00e3o geral e decorativa, e uma temperatura mais fria e precisa para a ilumina\u00e7\u00e3o funcional, concentrada nas \u00e1reas de preparo. O essencial \u00e9 garantir coer\u00eancia entre as diferentes fontes do ambiente \u2014 misturar temperaturas de cor sem crit\u00e9rio prejudica a leitura correta de alimentos, materiais e acabamentos cuidadosamente especificados no projeto.&nbsp;<\/p>\n\n\n\n<p class=\"wp-block-paragraph\">Esse \u00e9 um detalhe t\u00e9cnico raramente explorado em conte\u00fados gen\u00e9ricos sobre decora\u00e7\u00e3o, mas que faz diferen\u00e7a estrutural na experi\u00eancia de quem usa a cozinha \u2014 e \u00e9 exatamente esse tipo de precis\u00e3o que separa um projeto de ilumina\u00e7\u00e3o de cozinha planejada tecnicamente maduro de uma escolha de lumin\u00e1rias guiada apenas por est\u00e9tica.&nbsp;<\/p>\n\n\n\n<h2 class=\"wp-block-heading\"><strong>Cozinha pequena e escura: quais decis\u00f5es merecem prioridade?<\/strong>\u00a0<\/h2>\n\n\n\n<figure class=\"wp-block-image size-full\"><img loading=\"lazy\" decoding=\"async\" width=\"1000\" height=\"600\" src=\"https:\/\/criare.com\/blog\/wp-content\/uploads\/2026\/09\/cozinha_pequena.webp\" alt=\"cozinha pequena e escura\n\" class=\"wp-image-1759\" srcset=\"https:\/\/criare.com\/blog\/wp-content\/uploads\/2026\/09\/cozinha_pequena.webp 1000w, https:\/\/criare.com\/blog\/wp-content\/uploads\/2026\/09\/cozinha_pequena-767x460.webp 767w, https:\/\/criare.com\/blog\/wp-content\/uploads\/2026\/09\/cozinha_pequena-300x180.webp 300w, https:\/\/criare.com\/blog\/wp-content\/uploads\/2026\/09\/cozinha_pequena-500x300.webp 500w, https:\/\/criare.com\/blog\/wp-content\/uploads\/2026\/09\/cozinha_pequena-125x75.webp 125w, https:\/\/criare.com\/blog\/wp-content\/uploads\/2026\/09\/cozinha_pequena-480x288.webp 480w\" sizes=\"auto, (max-width:767px) 480px, (max-width:1000px) 100vw, 1000px\" \/><figcaption class=\"wp-element-caption\">Tratar o recorte de metragem reduzida com o mesmo rigor t\u00e9cnico do restante do artigo.\u00a0<strong>Cr\u00e9ditos:<\/strong> Daniela Brod \u2013 Speed Lounge\u00a0<\/figcaption><\/figure>\n\n\n\n<p class=\"wp-block-paragraph\">Quando a cozinha pequena escura re\u00fane dois desafios simult\u00e2neos \u2014 pouca luz natural e metragem reduzida \u2014, a hierarquia de decis\u00f5es precisa ser ainda mais precisa. A primeira prioridade \u00e9 evitar volumes que pesem visualmente: m\u00f3dulos muito altos, cores saturadas em grandes \u00e1reas ou marcenaria com excesso de detalhe comprimem ainda mais a percep\u00e7\u00e3o do espa\u00e7o.&nbsp;<\/p>\n\n\n\n<p class=\"wp-block-paragraph\">A segunda prioridade \u00e9 explorar superf\u00edcies capazes de distribuir a luz de forma eficiente, como bancadas, portas de arm\u00e1rio e revestimentos com acabamentos que reflitam a luz dispon\u00edvel de maneira equilibrada, sem depender exclusivamente da metragem para gerar sensa\u00e7\u00e3o de amplitude.&nbsp;<\/p>\n\n\n\n<p class=\"wp-block-paragraph\">A organiza\u00e7\u00e3o da ilumina\u00e7\u00e3o funcional tamb\u00e9m exige conten\u00e7\u00e3o, principalmente em espa\u00e7os compactos, onde m\u00faltiplos pontos de luz mal coordenados acabam gerando polui\u00e7\u00e3o visual em vez de resolver o problema de claridade. O crit\u00e9rio correto \u00e9 priorizar poucos pontos bem posicionados: ilumina\u00e7\u00e3o geral, ilumina\u00e7\u00e3o sob os arm\u00e1rios na bancada e, quando o projeto justificar, um ponto decorativo discreto.&nbsp;<\/p>\n\n\n\n<p class=\"wp-block-paragraph\">Por fim, priorizar circula\u00e7\u00e3o e clareza visual \u00e9 o que garante desempenho real a uma cozinha pequena e com pouca luz natural. Isso significa eliminar obstru\u00e7\u00f5es entre a abertura e o restante do ambiente, especificar <a href=\"https:\/\/criare.com\/blog\/5-motivos-para-fazer-um-armario-planejado-em-sua-cozinha\/\" target=\"_blank\" rel=\"noopener\">m\u00f3veis planejados para cozinha<\/a> que explorem verticalidade sem sobrecarga visual, e preservar uma leitura limpa, sem elementos concorrendo entre si por aten\u00e7\u00e3o.&nbsp;<br>&nbsp;<\/p>\n\n\n\n<h2 class=\"wp-block-heading\"><strong>Erros que podem deixar uma cozinha ainda mais escura<\/strong>&nbsp;<\/h2>\n\n\n\n<p class=\"wp-block-paragraph\">Em uma cozinha com pouca luz natural, o problema raramente est\u00e1 em uma \u00fanica escolha. Na maioria dos casos, \u00e9 a soma de decis\u00f5es aparentemente independentes \u2014 um m\u00f3vel mal posicionado, uma superf\u00edcie que absorve mais luz do que o ambiente comporta, pontos de ilumina\u00e7\u00e3o definidos tarde demais \u2014 que compromete o resultado.&nbsp;<\/p>\n\n\n\n<p class=\"wp-block-paragraph\">Por isso, evitar uma cozinha visualmente escura n\u00e3o significa simplesmente adicionar mais lumin\u00e1rias ou recorrer indiscriminadamente a tons claros. O desempenho luminoso do ambiente depende da rela\u00e7\u00e3o entre layout, volumetria, materialidade e ilumina\u00e7\u00e3o. Entre os erros mais recorrentes, est\u00e3o:&nbsp;<\/p>\n\n\n\n<h3 class=\"wp-block-heading\"><strong>1\u00ba erro:<\/strong> \u00a0<strong>Interromper o caminho da luz<\/strong>\u00a0<\/h3>\n\n\n\n<p class=\"wp-block-paragraph\">A pouca luz dispon\u00edvel precisa conseguir percorrer o ambiente. Posicionar torres, ilhas, coifas ou outros volumes de maneira a bloquear esse percurso pode deixar as \u00e1reas mais internas permanentemente em penumbra. O mesmo vale para cortinas pesadas, persianas pouco perme\u00e1veis e elementos decorativos que ocupam as aberturas. Antes de pensar em compensar a falta de luminosidade com ilumina\u00e7\u00e3o artificial, \u00e9 preciso garantir que a luz natural dispon\u00edvel n\u00e3o esteja sendo desperdi\u00e7ada pelo pr\u00f3prio projeto.&nbsp;<br>&nbsp;<\/p>\n\n\n\n<h3 class=\"wp-block-heading\"><strong>2\u00ba erro<\/strong>: <strong>Acreditar que uma \u00fanica escolha clara resolve o ambiente<\/strong>\u00a0<\/h3>\n\n\n\n<p class=\"wp-block-paragraph\">Arm\u00e1rios brancos ou revestimentos claros podem contribuir para ampliar a percep\u00e7\u00e3o de luminosidade, mas n\u00e3o resolvem sozinhos uma cozinha mal iluminada. Cor, acabamento e textura interferem de maneiras diferentes na forma como a luz \u00e9 absorvida e refletida. Uma superf\u00edcie clara e fosca, por exemplo, produz um comportamento distinto de uma superf\u00edcie acetinada ou brilhante. O erro est\u00e1 em tratar a cor como solu\u00e7\u00e3o isolada, ignorando o comportamento dos materiais diante da luz dispon\u00edvel.&nbsp;<br>&nbsp;<\/p>\n\n\n\n<h3 class=\"wp-block-heading\"><strong>3\u00ba erro<\/strong>&nbsp;<br><strong>Exagerar nos materiais de baixa reflex\u00e3o ou no brilho<\/strong>&nbsp;<\/h3>\n\n\n\n<p class=\"wp-block-paragraph\">Tons escuros podem fazer parte de uma cozinha com pouca luz natural, assim como acabamentos brilhantes podem ajudar a distribuir luminosidade. O problema come\u00e7a quando qualquer um desses recursos \u00e9 utilizado sem equil\u00edbrio. Um excesso de superf\u00edcies escuras tende a absorver a luz dispon\u00edvel; por outro lado, o uso indiscriminado de materiais brilhantes pode gerar reflexos e ofuscamento. A escolha precisa considerar onde cada acabamento ser\u00e1 aplicado e como ele se comportar\u00e1 sob as fontes de luz naturais e artificiais.&nbsp;<br>&nbsp;<\/p>\n\n\n\n<h3 class=\"wp-block-heading\"><strong>4\u00ba erro<\/strong>: <strong>Iluminar o ambiente sem iluminar as tarefas<\/strong>\u00a0<\/h3>\n\n\n\n<p class=\"wp-block-paragraph\">Uma lumin\u00e1ria central pode deixar a cozinha aparentemente clara e, ainda assim, manter justamente as \u00e1reas mais importantes em sombra. Bancadas, pias e superf\u00edcies de preparo exigem ilumina\u00e7\u00e3o direcionada, especialmente porque o pr\u00f3prio corpo de quem utiliza o espa\u00e7o pode bloquear a luz geral. Quando essa camada funcional \u00e9 ignorada, a ilumina\u00e7\u00e3o deixa de responder ao uso real da cozinha e passa a cumprir apenas uma fun\u00e7\u00e3o visual.&nbsp;<\/p>\n\n\n\n<h3 class=\"wp-block-heading\"><strong>5\u00ba erro<\/strong>: <strong>Deixar a ilumina\u00e7\u00e3o para depois<\/strong>\u00a0<\/h3>\n\n\n\n<p class=\"wp-block-paragraph\">Este \u00e9 um dos equ\u00edvocos mais dif\u00edceis de corrigir ap\u00f3s a conclus\u00e3o do projeto. Definir marcenaria, bancadas e revestimentos primeiro para s\u00f3 depois decidir onde estar\u00e3o fitas de LED, spots ou lumin\u00e1rias frequentemente resulta em adapta\u00e7\u00f5es aparentes e pontos de luz mal posicionados. A ilumina\u00e7\u00e3o precisa ser pensada junto \u00e0 arquitetura e \u00e0 marcenaria, desde a defini\u00e7\u00e3o dos volumes e dos pontos el\u00e9tricos. \u00c9 essa coordena\u00e7\u00e3o que permite antecipar sombras, valorizar materiais e construir um ambiente coerente como um todo.&nbsp;<\/p>\n\n\n\n<h2 class=\"wp-block-heading\"><strong>Como preservar personalidade em uma cozinha que precisa de mais luminosidade<\/strong>&nbsp;<\/h2>\n\n\n\n<figure class=\"wp-block-image size-full\"><img loading=\"lazy\" decoding=\"async\" width=\"1000\" height=\"600\" src=\"https:\/\/criare.com\/blog\/wp-content\/uploads\/2026\/09\/personalidade_cozinha.webp\" alt=\"\" class=\"wp-image-1760\" srcset=\"https:\/\/criare.com\/blog\/wp-content\/uploads\/2026\/09\/personalidade_cozinha.webp 1000w, https:\/\/criare.com\/blog\/wp-content\/uploads\/2026\/09\/personalidade_cozinha-300x180.webp 300w, https:\/\/criare.com\/blog\/wp-content\/uploads\/2026\/09\/personalidade_cozinha-500x300.webp 500w, https:\/\/criare.com\/blog\/wp-content\/uploads\/2026\/09\/personalidade_cozinha-767x460.webp 767w, https:\/\/criare.com\/blog\/wp-content\/uploads\/2026\/09\/personalidade_cozinha-125x75.webp 125w, https:\/\/criare.com\/blog\/wp-content\/uploads\/2026\/09\/personalidade_cozinha-480x288.webp 480w\" sizes=\"auto, (max-width:767px) 480px, (max-width:1000px) 100vw, 1000px\" \/><figcaption class=\"wp-element-caption\"><strong>C<\/strong>ontraste e materialidade sustentam a identidade mesmo em uma cozinha clara.\u00a0 <strong>Cr\u00e9ditos:<\/strong> Lucas Barbosa \u2013 Cozinha LP\u00a0<\/figcaption><\/figure>\n\n\n\n<p class=\"wp-block-paragraph\">Um receio comum entre quem projeta ou reforma uma cozinha com pouca luz natural \u00e9 perder identidade em nome da claridade, como se toda cozinha clara precisasse, necessariamente, ser neutra e sem assinatura. Madeira, tons escuros e materiais de forte presen\u00e7a continuam tendo lugar no projeto, desde que aplicados em pontos estrat\u00e9gicos \u2014 um painel de destaque, um rodap\u00e9 em contraste, uma marcenaria inferior em tom mais fechado.&nbsp;<\/p>\n\n\n\n<p class=\"wp-block-paragraph\">\u00c9 poss\u00edvel construir contraste sem comprometer a leitura luminosa do ambiente, desde que esse contraste seja tratado como parte do mesmo sistema de decis\u00f5es \u2014 cor, acabamento, layout e ilumina\u00e7\u00e3o resolvidos em conjunto, e n\u00e3o como escolhas isoladas tomadas em momentos distintos da obra.&nbsp;<\/p>\n\n\n\n<p class=\"wp-block-paragraph\">No fim, a decis\u00e3o mais interessante \u00e9 tratar a limita\u00e7\u00e3o de luz natural como condicionante de projeto, e n\u00e3o como um problema est\u00e9tico a disfar\u00e7ar. \u00c9 essa condicionante que orienta escolhas mais precisas de layout, marcenaria, acabamentos e ilumina\u00e7\u00e3o, e \u00e9 justamente esse olhar t\u00e9cnico, aliado \u00e0 sensibilidade de projeto, que define uma <a href=\"https:\/\/criare.com\/blog\/como-projetar-uma-cozinha-planejada-funcional-e-elegante\/\" target=\"_blank\" rel=\"noopener\">cozinha planejada<\/a> capaz de conciliar est\u00e9tica, t\u00e9cnica e funcionalidade diante das caracter\u00edsticas reais do espa\u00e7o.&nbsp;<\/p>\n\n\n\n<p class=\"wp-block-paragraph\">Uma cozinha com pouca luz natural n\u00e3o precisa ser definida por essa limita\u00e7\u00e3o. Quando arquitetura, marcenaria, materialidade e ilumina\u00e7\u00e3o s\u00e3o concebidas de forma integrada, a luz deixa de ser apenas uma condicionante t\u00e9cnica e passa a orientar solu\u00e7\u00f5es capazes de transformar a percep\u00e7\u00e3o e a experi\u00eancia do espa\u00e7o.&nbsp;<\/p>\n\n\n\n<p class=\"wp-block-paragraph\">Preservar a entrada de luz, compreender o comportamento de cada superf\u00edcie e definir com precis\u00e3o as diferentes camadas de ilumina\u00e7\u00e3o s\u00e3o decis\u00f5es que exigem uma leitura atenta das particularidades de cada projeto. \u00c9 desse equil\u00edbrio entre t\u00e9cnica, funcionalidade e identidade que surgem ambientes coerentes com sua arquitetura \u2014 e capazes de manter sua personalidade mesmo diante de condicionantes complexas.&nbsp;<\/p>\n\n\n\n<p class=\"wp-block-paragraph\">Na Criare, cada <a href=\"https:\/\/seuprojeto.criare.com\/jornada\/\" target=\"_blank\" rel=\"noopener\">projeto<\/a> \u00e9 desenvolvido a partir de uma leitura criteriosa do espa\u00e7o e de suas particularidades. Encontre a <a href=\"https:\/\/www.criare.com\/lojas\" target=\"_blank\" rel=\"noopener\">loja mais pr\u00f3xima<\/a> e descubra como transformar as caracter\u00edsticas da sua cozinha em uma solu\u00e7\u00e3o autoral, precisa e integrada \u00e0 sua arquitetura.&nbsp;<\/p>\n\n\n\n<h2 class=\"wp-block-heading\"><strong>FAQ &#8211; Perguntas frequentes<\/strong>&nbsp;<\/h2>\n\n\n\n<h3 class=\"wp-block-heading\"><strong>Cozinha sem luz natural precisa ser toda branca?<\/strong>&nbsp;<\/h3>\n\n\n\n<p class=\"wp-block-paragraph\">N\u00e3o. Cores claras ajudam a refletir a luz dispon\u00edvel, mas o resultado depende tamb\u00e9m do acabamento, da textura dos materiais e de um projeto de ilumina\u00e7\u00e3o artificial tecnicamente calculado. \u00c9 poss\u00edvel manter uma cozinha luminosa combinando tons m\u00e9dios e escuros em pontos estrat\u00e9gicos, sem comprometer a percep\u00e7\u00e3o de claridade.&nbsp;<\/p>\n\n\n\n<h3 class=\"wp-block-heading\"><strong>Qual a melhor ilumina\u00e7\u00e3o para cozinha com pouca luz natural?<\/strong>&nbsp;<\/h3>\n\n\n\n<p class=\"wp-block-paragraph\">O crit\u00e9rio correto combina tr\u00eas camadas: ilumina\u00e7\u00e3o geral para distribuir claridade por todo o ambiente, ilumina\u00e7\u00e3o funcional voltada \u00e0s \u00e1reas de preparo e coc\u00e7\u00e3o \u2014 como a luz de LED embaixo do arm\u00e1rio \u2014 e ilumina\u00e7\u00e3o decorativa para conferir profundidade e atmosfera ao projeto.&nbsp;<\/p>\n\n\n\n<h3 class=\"wp-block-heading\"><strong>Arm\u00e1rios mais claros deixam a cozinha mais iluminada?<\/strong>&nbsp;<\/h3>\n\n\n\n<p class=\"wp-block-paragraph\">Acabamentos claros ajudam a refletir mais luz, mas o efeito depende tamb\u00e9m do brilho da superf\u00edcie, do posicionamento dos m\u00f3veis em rela\u00e7\u00e3o \u00e0s aberturas e da qualidade do projeto de ilumina\u00e7\u00e3o artificial. Marcenaria clara, isoladamente, n\u00e3o resolve uma cozinha muito escura sem esses outros cuidados t\u00e9cnicos.&nbsp;<\/p>\n\n\n\n<h3 class=\"wp-block-heading\"><strong>Vale investir em ilumina\u00e7\u00e3o abaixo dos arm\u00e1rios?<\/strong>&nbsp;<\/h3>\n\n\n\n<p class=\"wp-block-paragraph\">Sim. A ilumina\u00e7\u00e3o embaixo dos arm\u00e1rios elimina sombras na bancada, melhora a precis\u00e3o durante o preparo dos alimentos e contribui para a performance luminosa geral da cozinha, especialmente quando a luz natural dispon\u00edvel \u00e9 limitada.&nbsp;<\/p>\n\n\n\n<h3 class=\"wp-block-heading\"><strong>\u00c9 poss\u00edvel ter uma cozinha pequena, escura e ainda assim sofisticada?<\/strong>&nbsp;<\/h3>\n\n\n\n<p class=\"wp-block-paragraph\">Sim. O crit\u00e9rio est\u00e1 em priorizar poucas decis\u00f5es bem resolvidas: layout que n\u00e3o bloqueia a pouca luz dispon\u00edvel, superf\u00edcies com reflex\u00e3o equilibrada, ilumina\u00e7\u00e3o funcional bem posicionada e elementos de identidade aplicados com precis\u00e3o, sem sobrecarregar visualmente o ambiente.&nbsp;<\/p>\n","protected":false},"excerpt":{"rendered":"<p>Neste artigo, reunimos os crit\u00e9rios t\u00e9cnicos que sustentam esse tipo de decis\u00e3o. A proposta n\u00e3o \u00e9 oferecer uma f\u00f3rmula gen\u00e9rica de ilumina\u00e7\u00e3o, mas apresentar o racioc\u00ednio que orienta.<\/p>\n","protected":false},"author":3,"featured_media":1762,"comment_status":"open","ping_status":"closed","sticky":false,"template":"","format":"standard","meta":{"footnotes":""},"categories":[20,12,13],"tags":[],"class_list":["post-1749","post","type-post","status-publish","format-standard","has-post-thumbnail","hentry","category-decoracao","category-estilos","category-tendencias"],"yoast_head":"<!-- This site is optimized with the Yoast SEO plugin v28.4 - https:\/\/yoast.com\/product\/yoast-seo-wordpress\/ -->\n<title>Cozinha com pouca luz natural: como deixar o ambiente mais claro<\/title>\n<meta name=\"description\" content=\"Veja como planejar uma cozinha com pouca luz natural. Solu\u00e7\u00f5es de cores, ilumina\u00e7\u00e3o e m\u00f3veis para criar um ambiente claro e funcional.\" \/>\n<meta name=\"robots\" content=\"index, follow, max-snippet:-1, max-image-preview:large, max-video-preview:-1\" \/>\n<link rel=\"canonical\" href=\"https:\/\/criare.com\/blog\/cozinha-com-pouca-luz-natural\/\" \/>\n<meta property=\"og:locale\" content=\"pt_BR\" \/>\n<meta property=\"og:type\" content=\"article\" \/>\n<meta property=\"og:title\" content=\"Cozinha com pouca luz natural: como deixar o ambiente mais claro\" \/>\n<meta property=\"og:description\" content=\"Veja como planejar uma cozinha com pouca luz natural. Solu\u00e7\u00f5es de cores, ilumina\u00e7\u00e3o e m\u00f3veis para criar um ambiente claro e funcional.\" \/>\n<meta property=\"og:url\" content=\"https:\/\/criare.com\/blog\/cozinha-com-pouca-luz-natural\/\" \/>\n<meta property=\"og:site_name\" content=\"Blog Criare\" \/>\n<meta property=\"article:published_time\" content=\"2026-09-02T14:06:54+00:00\" \/>\n<meta property=\"article:modified_time\" content=\"2026-09-02T14:06:59+00:00\" \/>\n<meta property=\"og:image\" content=\"https:\/\/criare.com\/blog\/wp-content\/uploads\/2026\/09\/capa-1.webp\" \/>\n\t<meta property=\"og:image:width\" content=\"1000\" \/>\n\t<meta property=\"og:image:height\" content=\"600\" \/>\n\t<meta property=\"og:image:type\" content=\"image\/webp\" \/>\n<meta name=\"author\" content=\"Fl\u00e1via Carnet\" \/>\n<meta name=\"twitter:card\" content=\"summary_large_image\" \/>\n<meta name=\"twitter:label1\" content=\"Escrito por\" \/>\n\t<meta name=\"twitter:data1\" content=\"Fl\u00e1via Carnet\" \/>\n\t<meta name=\"twitter:label2\" content=\"Est. tempo de leitura\" \/>\n\t<meta name=\"twitter:data2\" content=\"22 minutos\" \/>\n<script type=\"application\/ld+json\" class=\"yoast-schema-graph\">{\"@context\":\"https:\\\/\\\/schema.org\",\"@graph\":[{\"@type\":\"Article\",\"@id\":\"https:\\\/\\\/criare.com\\\/blog\\\/cozinha-com-pouca-luz-natural\\\/#article\",\"isPartOf\":{\"@id\":\"https:\\\/\\\/criare.com\\\/blog\\\/cozinha-com-pouca-luz-natural\\\/\"},\"author\":{\"name\":\"Fl\u00e1via Carnet\",\"@id\":\"https:\\\/\\\/criare.com\\\/blog\\\/#\\\/schema\\\/person\\\/e491552161b4eb6fbd9317c2893d2c8a\"},\"headline\":\"Cozinha com pouca luz natural: como planejar um ambiente mais claro e funcional\u00a0\",\"datePublished\":\"2026-09-02T14:06:54+00:00\",\"dateModified\":\"2026-09-02T14:06:59+00:00\",\"mainEntityOfPage\":{\"@id\":\"https:\\\/\\\/criare.com\\\/blog\\\/cozinha-com-pouca-luz-natural\\\/\"},\"wordCount\":4049,\"commentCount\":0,\"image\":{\"@id\":\"https:\\\/\\\/criare.com\\\/blog\\\/cozinha-com-pouca-luz-natural\\\/#primaryimage\"},\"thumbnailUrl\":\"https:\\\/\\\/criare.com\\\/blog\\\/wp-content\\\/uploads\\\/2026\\\/09\\\/capa-1.webp\",\"articleSection\":[\"Decora\u00e7\u00e3o\",\"Estilos\",\"Tend\u00eancias\"],\"inLanguage\":\"pt-BR\",\"potentialAction\":[{\"@type\":\"CommentAction\",\"name\":\"Comment\",\"target\":[\"https:\\\/\\\/criare.com\\\/blog\\\/cozinha-com-pouca-luz-natural\\\/#respond\"]}]},{\"@type\":\"WebPage\",\"@id\":\"https:\\\/\\\/criare.com\\\/blog\\\/cozinha-com-pouca-luz-natural\\\/\",\"url\":\"https:\\\/\\\/criare.com\\\/blog\\\/cozinha-com-pouca-luz-natural\\\/\",\"name\":\"Cozinha com pouca luz natural: como deixar o ambiente mais claro\",\"isPartOf\":{\"@id\":\"https:\\\/\\\/criare.com\\\/blog\\\/#website\"},\"primaryImageOfPage\":{\"@id\":\"https:\\\/\\\/criare.com\\\/blog\\\/cozinha-com-pouca-luz-natural\\\/#primaryimage\"},\"image\":{\"@id\":\"https:\\\/\\\/criare.com\\\/blog\\\/cozinha-com-pouca-luz-natural\\\/#primaryimage\"},\"thumbnailUrl\":\"https:\\\/\\\/criare.com\\\/blog\\\/wp-content\\\/uploads\\\/2026\\\/09\\\/capa-1.webp\",\"datePublished\":\"2026-09-02T14:06:54+00:00\",\"dateModified\":\"2026-09-02T14:06:59+00:00\",\"author\":{\"@id\":\"https:\\\/\\\/criare.com\\\/blog\\\/#\\\/schema\\\/person\\\/e491552161b4eb6fbd9317c2893d2c8a\"},\"description\":\"Veja como planejar uma cozinha com pouca luz natural. Solu\u00e7\u00f5es de cores, ilumina\u00e7\u00e3o e m\u00f3veis para criar um ambiente claro e funcional.\",\"breadcrumb\":{\"@id\":\"https:\\\/\\\/criare.com\\\/blog\\\/cozinha-com-pouca-luz-natural\\\/#breadcrumb\"},\"inLanguage\":\"pt-BR\",\"potentialAction\":[{\"@type\":\"ReadAction\",\"target\":[\"https:\\\/\\\/criare.com\\\/blog\\\/cozinha-com-pouca-luz-natural\\\/\"]}]},{\"@type\":\"ImageObject\",\"inLanguage\":\"pt-BR\",\"@id\":\"https:\\\/\\\/criare.com\\\/blog\\\/cozinha-com-pouca-luz-natural\\\/#primaryimage\",\"url\":\"https:\\\/\\\/criare.com\\\/blog\\\/wp-content\\\/uploads\\\/2026\\\/09\\\/capa-1.webp\",\"contentUrl\":\"https:\\\/\\\/criare.com\\\/blog\\\/wp-content\\\/uploads\\\/2026\\\/09\\\/capa-1.webp\",\"width\":1000,\"height\":600},{\"@type\":\"BreadcrumbList\",\"@id\":\"https:\\\/\\\/criare.com\\\/blog\\\/cozinha-com-pouca-luz-natural\\\/#breadcrumb\",\"itemListElement\":[{\"@type\":\"ListItem\",\"position\":1,\"name\":\"In\u00edcio\",\"item\":\"https:\\\/\\\/criare.com\\\/blog\\\/\"},{\"@type\":\"ListItem\",\"position\":2,\"name\":\"Cozinha com pouca luz natural: como planejar um ambiente mais claro e funcional\u00a0\"}]},{\"@type\":\"WebSite\",\"@id\":\"https:\\\/\\\/criare.com\\\/blog\\\/#website\",\"url\":\"https:\\\/\\\/criare.com\\\/blog\\\/\",\"name\":\"Blog Criare\",\"description\":\"\",\"potentialAction\":[{\"@type\":\"SearchAction\",\"target\":{\"@type\":\"EntryPoint\",\"urlTemplate\":\"https:\\\/\\\/criare.com\\\/blog\\\/?s={search_term_string}\"},\"query-input\":{\"@type\":\"PropertyValueSpecification\",\"valueRequired\":true,\"valueName\":\"search_term_string\"}}],\"inLanguage\":\"pt-BR\"},{\"@type\":\"Person\",\"@id\":\"https:\\\/\\\/criare.com\\\/blog\\\/#\\\/schema\\\/person\\\/e491552161b4eb6fbd9317c2893d2c8a\",\"name\":\"Fl\u00e1via Carnet\",\"image\":{\"@type\":\"ImageObject\",\"inLanguage\":\"pt-BR\",\"@id\":\"https:\\\/\\\/criare.com\\\/blog\\\/wp-content\\\/uploads\\\/2025\\\/07\\\/cropped-quem-escreve-Flavia-96x96.webp\",\"url\":\"https:\\\/\\\/criare.com\\\/blog\\\/wp-content\\\/uploads\\\/2025\\\/07\\\/cropped-quem-escreve-Flavia-96x96.webp\",\"contentUrl\":\"https:\\\/\\\/criare.com\\\/blog\\\/wp-content\\\/uploads\\\/2025\\\/07\\\/cropped-quem-escreve-Flavia-96x96.webp\",\"caption\":\"Fl\u00e1via Carnet\"},\"description\":\"Redatora com foco em conte\u00fados voltados ao universo dos m\u00f3veis planejados, design de interiores e marcenaria de alto padr\u00e3o. Com sensibilidade para traduzir conceitos t\u00e9cnicos em uma linguagem acess\u00edvel e elegante, atua na cria\u00e7\u00e3o e adapta\u00e7\u00e3o de artigos que refletem a sofistica\u00e7\u00e3o e a identidade da Criare. Possui experi\u00eancia em storytelling, escrita estrat\u00e9gica e constru\u00e7\u00e3o de conte\u00fados que equilibram informa\u00e7\u00e3o, est\u00e9tica e funcionalidade.\",\"url\":\"https:\\\/\\\/criare.com\\\/blog\\\/author\\\/flavia-carnetosf-digital\\\/\"}]}<\/script>\n<!-- \/ Yoast SEO plugin. -->","yoast_head_json":{"title":"Cozinha com pouca luz natural: como deixar o ambiente mais claro","description":"Veja como planejar uma cozinha com pouca luz natural. Solu\u00e7\u00f5es de cores, ilumina\u00e7\u00e3o e m\u00f3veis para criar um ambiente claro e funcional.","robots":{"index":"index","follow":"follow","max-snippet":"max-snippet:-1","max-image-preview":"max-image-preview:large","max-video-preview":"max-video-preview:-1"},"canonical":"https:\/\/criare.com\/blog\/cozinha-com-pouca-luz-natural\/","og_locale":"pt_BR","og_type":"article","og_title":"Cozinha com pouca luz natural: como deixar o ambiente mais claro","og_description":"Veja como planejar uma cozinha com pouca luz natural. Solu\u00e7\u00f5es de cores, ilumina\u00e7\u00e3o e m\u00f3veis para criar um ambiente claro e funcional.","og_url":"https:\/\/criare.com\/blog\/cozinha-com-pouca-luz-natural\/","og_site_name":"Blog Criare","article_published_time":"2026-09-02T14:06:54+00:00","article_modified_time":"2026-09-02T14:06:59+00:00","og_image":[{"width":1000,"height":600,"url":"https:\/\/criare.com\/blog\/wp-content\/uploads\/2026\/09\/capa-1.webp","type":"image\/webp"}],"author":"Fl\u00e1via Carnet","twitter_card":"summary_large_image","twitter_misc":{"Escrito por":"Fl\u00e1via Carnet","Est. tempo de leitura":"22 minutos"},"schema":{"@context":"https:\/\/schema.org","@graph":[{"@type":"Article","@id":"https:\/\/criare.com\/blog\/cozinha-com-pouca-luz-natural\/#article","isPartOf":{"@id":"https:\/\/criare.com\/blog\/cozinha-com-pouca-luz-natural\/"},"author":{"name":"Fl\u00e1via Carnet","@id":"https:\/\/criare.com\/blog\/#\/schema\/person\/e491552161b4eb6fbd9317c2893d2c8a"},"headline":"Cozinha com pouca luz natural: como planejar um ambiente mais claro e funcional\u00a0","datePublished":"2026-09-02T14:06:54+00:00","dateModified":"2026-09-02T14:06:59+00:00","mainEntityOfPage":{"@id":"https:\/\/criare.com\/blog\/cozinha-com-pouca-luz-natural\/"},"wordCount":4049,"commentCount":0,"image":{"@id":"https:\/\/criare.com\/blog\/cozinha-com-pouca-luz-natural\/#primaryimage"},"thumbnailUrl":"https:\/\/criare.com\/blog\/wp-content\/uploads\/2026\/09\/capa-1.webp","articleSection":["Decora\u00e7\u00e3o","Estilos","Tend\u00eancias"],"inLanguage":"pt-BR","potentialAction":[{"@type":"CommentAction","name":"Comment","target":["https:\/\/criare.com\/blog\/cozinha-com-pouca-luz-natural\/#respond"]}]},{"@type":"WebPage","@id":"https:\/\/criare.com\/blog\/cozinha-com-pouca-luz-natural\/","url":"https:\/\/criare.com\/blog\/cozinha-com-pouca-luz-natural\/","name":"Cozinha com pouca luz natural: como deixar o ambiente mais claro","isPartOf":{"@id":"https:\/\/criare.com\/blog\/#website"},"primaryImageOfPage":{"@id":"https:\/\/criare.com\/blog\/cozinha-com-pouca-luz-natural\/#primaryimage"},"image":{"@id":"https:\/\/criare.com\/blog\/cozinha-com-pouca-luz-natural\/#primaryimage"},"thumbnailUrl":"https:\/\/criare.com\/blog\/wp-content\/uploads\/2026\/09\/capa-1.webp","datePublished":"2026-09-02T14:06:54+00:00","dateModified":"2026-09-02T14:06:59+00:00","author":{"@id":"https:\/\/criare.com\/blog\/#\/schema\/person\/e491552161b4eb6fbd9317c2893d2c8a"},"description":"Veja como planejar uma cozinha com pouca luz natural. Solu\u00e7\u00f5es de cores, ilumina\u00e7\u00e3o e m\u00f3veis para criar um ambiente claro e funcional.","breadcrumb":{"@id":"https:\/\/criare.com\/blog\/cozinha-com-pouca-luz-natural\/#breadcrumb"},"inLanguage":"pt-BR","potentialAction":[{"@type":"ReadAction","target":["https:\/\/criare.com\/blog\/cozinha-com-pouca-luz-natural\/"]}]},{"@type":"ImageObject","inLanguage":"pt-BR","@id":"https:\/\/criare.com\/blog\/cozinha-com-pouca-luz-natural\/#primaryimage","url":"https:\/\/criare.com\/blog\/wp-content\/uploads\/2026\/09\/capa-1.webp","contentUrl":"https:\/\/criare.com\/blog\/wp-content\/uploads\/2026\/09\/capa-1.webp","width":1000,"height":600},{"@type":"BreadcrumbList","@id":"https:\/\/criare.com\/blog\/cozinha-com-pouca-luz-natural\/#breadcrumb","itemListElement":[{"@type":"ListItem","position":1,"name":"In\u00edcio","item":"https:\/\/criare.com\/blog\/"},{"@type":"ListItem","position":2,"name":"Cozinha com pouca luz natural: como planejar um ambiente mais claro e funcional\u00a0"}]},{"@type":"WebSite","@id":"https:\/\/criare.com\/blog\/#website","url":"https:\/\/criare.com\/blog\/","name":"Blog Criare","description":"","potentialAction":[{"@type":"SearchAction","target":{"@type":"EntryPoint","urlTemplate":"https:\/\/criare.com\/blog\/?s={search_term_string}"},"query-input":{"@type":"PropertyValueSpecification","valueRequired":true,"valueName":"search_term_string"}}],"inLanguage":"pt-BR"},{"@type":"Person","@id":"https:\/\/criare.com\/blog\/#\/schema\/person\/e491552161b4eb6fbd9317c2893d2c8a","name":"Fl\u00e1via Carnet","image":{"@type":"ImageObject","inLanguage":"pt-BR","@id":"https:\/\/criare.com\/blog\/wp-content\/uploads\/2025\/07\/cropped-quem-escreve-Flavia-96x96.webp","url":"https:\/\/criare.com\/blog\/wp-content\/uploads\/2025\/07\/cropped-quem-escreve-Flavia-96x96.webp","contentUrl":"https:\/\/criare.com\/blog\/wp-content\/uploads\/2025\/07\/cropped-quem-escreve-Flavia-96x96.webp","caption":"Fl\u00e1via Carnet"},"description":"Redatora com foco em conte\u00fados voltados ao universo dos m\u00f3veis planejados, design de interiores e marcenaria de alto padr\u00e3o. Com sensibilidade para traduzir conceitos t\u00e9cnicos em uma linguagem acess\u00edvel e elegante, atua na cria\u00e7\u00e3o e adapta\u00e7\u00e3o de artigos que refletem a sofistica\u00e7\u00e3o e a identidade da Criare. Possui experi\u00eancia em storytelling, escrita estrat\u00e9gica e constru\u00e7\u00e3o de conte\u00fados que equilibram informa\u00e7\u00e3o, est\u00e9tica e funcionalidade.","url":"https:\/\/criare.com\/blog\/author\/flavia-carnetosf-digital\/"}]}},"_links":{"self":[{"href":"https:\/\/criare.com\/blog\/wp-json\/wp\/v2\/posts\/1749","targetHints":{"allow":["GET"]}}],"collection":[{"href":"https:\/\/criare.com\/blog\/wp-json\/wp\/v2\/posts"}],"about":[{"href":"https:\/\/criare.com\/blog\/wp-json\/wp\/v2\/types\/post"}],"author":[{"embeddable":true,"href":"https:\/\/criare.com\/blog\/wp-json\/wp\/v2\/users\/3"}],"replies":[{"embeddable":true,"href":"https:\/\/criare.com\/blog\/wp-json\/wp\/v2\/comments?post=1749"}],"version-history":[{"count":1,"href":"https:\/\/criare.com\/blog\/wp-json\/wp\/v2\/posts\/1749\/revisions"}],"predecessor-version":[{"id":1763,"href":"https:\/\/criare.com\/blog\/wp-json\/wp\/v2\/posts\/1749\/revisions\/1763"}],"wp:featuredmedia":[{"embeddable":true,"href":"https:\/\/criare.com\/blog\/wp-json\/wp\/v2\/media\/1762"}],"wp:attachment":[{"href":"https:\/\/criare.com\/blog\/wp-json\/wp\/v2\/media?parent=1749"}],"wp:term":[{"taxonomy":"category","embeddable":true,"href":"https:\/\/criare.com\/blog\/wp-json\/wp\/v2\/categories?post=1749"},{"taxonomy":"post_tag","embeddable":true,"href":"https:\/\/criare.com\/blog\/wp-json\/wp\/v2\/tags?post=1749"}],"curies":[{"name":"wp","href":"https:\/\/api.w.org\/{rel}","templated":true}]}}